{"id":12523,"date":"2018-01-12T09:21:05","date_gmt":"2018-01-12T09:21:05","guid":{"rendered":"http:\/\/mappingmedinadelcampo.com\/?p=12523"},"modified":"2018-05-08T09:23:57","modified_gmt":"2018-05-08T09:23:57","slug":"programa-mentor-escuela-de-arte","status":"publish","type":"post","link":"http:\/\/mappingmedinadelcampo.com\/index.php\/2018\/01\/12\/programa-mentor-escuela-de-arte\/","title":{"rendered":"Programa Mentor Escuela de Arte"},"content":{"rendered":"<p>Escuela de Arte : Castilla y Le\u00f3n<\/p>\n<p>La semana pasada estuvimos en la Escuela de Arte\u00a0 que representar\u00e1 al <span class=\"_5afx\"><span class=\"_58cm\">programamentor<\/span><\/span> de una forma regional<\/p>\n<p>La aceptaci\u00f3n de los alumnos fu\u00e9 casi 10 veces m\u00e1s que el a\u00f1o pasado y a\u00fan sinti\u00e9ndolo mucho s\u00f3lo podemos acoger a unos pocos (m\u00e1s de 50 alumnos se han presentado)<\/p>\n<p>Estamos ilusionados y enamorados de nuestro trabajo. Poder realizar el #programamentor tanto con <span class=\"text_exposed_show\">las nuevas tecnolog\u00edas como con la m\u00fasica y sus adaptaciones visuales. <\/span><\/p>\n<div class=\"text_exposed_show\">\n<p>Adem\u00e1s como siempre, llevamos y promulgamos el festival de Videoarte y Mapping de Castilla y Le\u00f3n Mapping Me,\u00a0 en donde tendr\u00e1 su exposici\u00f3n final el #programamentor<\/p>\n<\/div>\n<p>M\u00e1s informaci\u00f3n del Programa Mentor en www.rodrigotamariz.com<\/p>\n<p><a href=\"http:\/\/mappingmedinadelcampo.com\/wp-content\/uploads\/2018\/05\/escueladeartte.jpg\"><img decoding=\"async\" loading=\"lazy\" class=\"alignnone size-medium wp-image-12524\" src=\"http:\/\/mappingmedinadelcampo.com\/wp-content\/uploads\/2018\/05\/escueladeartte-300x200.jpg\" alt=\"\" width=\"300\" height=\"200\" srcset=\"http:\/\/mappingmedinadelcampo.com\/wp-content\/uploads\/2018\/05\/escueladeartte-300x200.jpg 300w, http:\/\/mappingmedinadelcampo.com\/wp-content\/uploads\/2018\/05\/escueladeartte-768x512.jpg 768w, http:\/\/mappingmedinadelcampo.com\/wp-content\/uploads\/2018\/05\/escueladeartte.jpg 960w\" sizes=\"(max-width: 300px) 100vw, 300px\" \/><\/a><\/p>\n","protected":false},"excerpt":{"rendered":"<p>Escuela de Arte : Castilla y Le\u00f3n La semana pasada estuvimos en la Escuela de Arte\u00a0 que representar\u00e1 al programamentor de una forma regional La aceptaci\u00f3n de los alumnos fu\u00e9 casi 10 veces m\u00e1s que el a\u00f1o pasado y a\u00fan sinti\u00e9ndolo mucho s\u00f3lo podemos acoger a unos pocos (m\u00e1s de 50 alumnos se han presentado) Estamos ilusionados y enamorados de [&hellip;]<\/p>\n","protected":false},"author":6,"featured_media":12524,"comment_status":"open","ping_status":"open","sticky":false,"template":"","format":"standard","meta":[],"categories":[191],"tags":[],"_links":{"self":[{"href":"http:\/\/mappingmedinadelcampo.com\/index.php\/wp-json\/wp\/v2\/posts\/12523"}],"collection":[{"href":"http:\/\/mappingmedinadelcampo.com\/index.php\/wp-json\/wp\/v2\/posts"}],"about":[{"href":"http:\/\/mappingmedinadelcampo.com\/index.php\/wp-json\/wp\/v2\/types\/post"}],"author":[{"embeddable":true,"href":"http:\/\/mappingmedinadelcampo.com\/index.php\/wp-json\/wp\/v2\/users\/6"}],"replies":[{"embeddable":true,"href":"http:\/\/mappingmedinadelcampo.com\/index.php\/wp-json\/wp\/v2\/comments?post=12523"}],"version-history":[{"count":1,"href":"http:\/\/mappingmedinadelcampo.com\/index.php\/wp-json\/wp\/v2\/posts\/12523\/revisions"}],"predecessor-version":[{"id":12525,"href":"http:\/\/mappingmedinadelcampo.com\/index.php\/wp-json\/wp\/v2\/posts\/12523\/revisions\/12525"}],"wp:featuredmedia":[{"embeddable":true,"href":"http:\/\/mappingmedinadelcampo.com\/index.php\/wp-json\/wp\/v2\/media\/12524"}],"wp:attachment":[{"href":"http:\/\/mappingmedinadelcampo.com\/index.php\/wp-json\/wp\/v2\/media?parent=12523"}],"wp:term":[{"taxonomy":"category","embeddable":true,"href":"http:\/\/mappingmedinadelcampo.com\/index.php\/wp-json\/wp\/v2\/categories?post=12523"},{"taxonomy":"post_tag","embeddable":true,"href":"http:\/\/mappingmedinadelcampo.com\/index.php\/wp-json\/wp\/v2\/tags?post=12523"}],"curies":[{"name":"wp","href":"https:\/\/api.w.org\/{rel}","templated":true}]}}