{"id":12532,"date":"2018-02-21T09:33:33","date_gmt":"2018-02-21T09:33:33","guid":{"rendered":"http:\/\/mappingmedinadelcampo.com\/?p=12532"},"modified":"2018-05-08T09:43:11","modified_gmt":"2018-05-08T09:43:11","slug":"programa-mentor-fp-maria-auxiliadora","status":"publish","type":"post","link":"http:\/\/mappingmedinadelcampo.com\/index.php\/2018\/02\/21\/programa-mentor-fp-maria-auxiliadora\/","title":{"rendered":"Programa Mentor: FP Mar\u00eda Auxiliadora"},"content":{"rendered":"<p>Presentamos a la provincia de <span class=\"_5afx\"><span class=\"_58cm\">Le\u00f3n<\/span><\/span> con su instituci\u00f3n Salesianas Le\u00f3n Centro de F.P. Mar\u00eda Auxiliadora y representado a dicha instituci\u00f3n para nuestro <span class=\"_5afx\"><span class=\"_58cl _5afz\">#<\/span><span class=\"_58cm\">programamentor<\/span><\/span>.<\/p>\n<p>Los artistas y alumnos seleccionados son Sara Salgado Santos y Alvaro Guti.<\/p>\n<p>EL Programa Mentor es un programa formativo asistencial, pr\u00e1ctico y online que forma a j\u00f3venes y\/o adultos con inquietud art\u00edsica sobre las nuevas tecnolog\u00edas aplicadas a las artes esc\u00e9nicas (Videomapping, Videoarte, Realidad Aumentad<span class=\"text_exposed_show\">a, Mundos sonoros, Interactividad&#8230;). Formaci\u00f3n totalmente financiada por Rodrigo Tamariz Music &amp; Mapping y con muestra final en el festival de Videoarte y Mapping de Castilla y Le\u00f3n <span class=\"_5afx\"><span class=\"_58cl _5afz\">#<\/span><span class=\"_58cm\">MappingMe<\/span><\/span>!, que se celebra en Medina del campo (Valladolid).<\/span><\/p>\n<p>M\u00e1s informaci\u00f3n en: <a href=\"http:\/\/www.rodrigotamariz.com\">www.rodrigotamariz.com<\/a><a href=\"http:\/\/mappingmedinadelcampo.com\/wp-content\/uploads\/2018\/05\/28059251_1935153906514408_5342166161009276024_n.jpg\"><img decoding=\"async\" loading=\"lazy\" class=\"alignnone size-medium wp-image-12533\" src=\"http:\/\/mappingmedinadelcampo.com\/wp-content\/uploads\/2018\/05\/28059251_1935153906514408_5342166161009276024_n-300x108.jpg\" alt=\"\" width=\"300\" height=\"108\" srcset=\"http:\/\/mappingmedinadelcampo.com\/wp-content\/uploads\/2018\/05\/28059251_1935153906514408_5342166161009276024_n-300x108.jpg 300w, http:\/\/mappingmedinadelcampo.com\/wp-content\/uploads\/2018\/05\/28059251_1935153906514408_5342166161009276024_n-768x276.jpg 768w, http:\/\/mappingmedinadelcampo.com\/wp-content\/uploads\/2018\/05\/28059251_1935153906514408_5342166161009276024_n.jpg 960w\" sizes=\"(max-width: 300px) 100vw, 300px\" \/><\/a><a href=\"http:\/\/mappingmedinadelcampo.com\/wp-content\/uploads\/2018\/05\/31964179_10160228971115386_7734190309919162368_n.jpg\"><img decoding=\"async\" loading=\"lazy\" class=\"alignnone size-medium wp-image-12534\" src=\"http:\/\/mappingmedinadelcampo.com\/wp-content\/uploads\/2018\/05\/31964179_10160228971115386_7734190309919162368_n-300x169.jpg\" alt=\"\" width=\"300\" height=\"169\" srcset=\"http:\/\/mappingmedinadelcampo.com\/wp-content\/uploads\/2018\/05\/31964179_10160228971115386_7734190309919162368_n-300x169.jpg 300w, http:\/\/mappingmedinadelcampo.com\/wp-content\/uploads\/2018\/05\/31964179_10160228971115386_7734190309919162368_n.jpg 600w\" sizes=\"(max-width: 300px) 100vw, 300px\" \/><\/a><\/p>\n<p>&nbsp;<\/p>\n","protected":false},"excerpt":{"rendered":"<p>Presentamos a la provincia de Le\u00f3n con su instituci\u00f3n Salesianas Le\u00f3n Centro de F.P. Mar\u00eda Auxiliadora y representado a dicha instituci\u00f3n para nuestro #programamentor. Los artistas y alumnos seleccionados son Sara Salgado Santos y Alvaro Guti. EL Programa Mentor es un programa formativo asistencial, pr\u00e1ctico y online que forma a j\u00f3venes y\/o adultos con inquietud art\u00edsica sobre las nuevas tecnolog\u00edas [&hellip;]<\/p>\n","protected":false},"author":6,"featured_media":12534,"comment_status":"open","ping_status":"open","sticky":false,"template":"","format":"standard","meta":[],"categories":[191],"tags":[],"_links":{"self":[{"href":"http:\/\/mappingmedinadelcampo.com\/index.php\/wp-json\/wp\/v2\/posts\/12532"}],"collection":[{"href":"http:\/\/mappingmedinadelcampo.com\/index.php\/wp-json\/wp\/v2\/posts"}],"about":[{"href":"http:\/\/mappingmedinadelcampo.com\/index.php\/wp-json\/wp\/v2\/types\/post"}],"author":[{"embeddable":true,"href":"http:\/\/mappingmedinadelcampo.com\/index.php\/wp-json\/wp\/v2\/users\/6"}],"replies":[{"embeddable":true,"href":"http:\/\/mappingmedinadelcampo.com\/index.php\/wp-json\/wp\/v2\/comments?post=12532"}],"version-history":[{"count":1,"href":"http:\/\/mappingmedinadelcampo.com\/index.php\/wp-json\/wp\/v2\/posts\/12532\/revisions"}],"predecessor-version":[{"id":12535,"href":"http:\/\/mappingmedinadelcampo.com\/index.php\/wp-json\/wp\/v2\/posts\/12532\/revisions\/12535"}],"wp:featuredmedia":[{"embeddable":true,"href":"http:\/\/mappingmedinadelcampo.com\/index.php\/wp-json\/wp\/v2\/media\/12534"}],"wp:attachment":[{"href":"http:\/\/mappingmedinadelcampo.com\/index.php\/wp-json\/wp\/v2\/media?parent=12532"}],"wp:term":[{"taxonomy":"category","embeddable":true,"href":"http:\/\/mappingmedinadelcampo.com\/index.php\/wp-json\/wp\/v2\/categories?post=12532"},{"taxonomy":"post_tag","embeddable":true,"href":"http:\/\/mappingmedinadelcampo.com\/index.php\/wp-json\/wp\/v2\/tags?post=12532"}],"curies":[{"name":"wp","href":"https:\/\/api.w.org\/{rel}","templated":true}]}}