{"id":12573,"date":"2018-07-23T12:16:02","date_gmt":"2018-07-23T12:16:02","guid":{"rendered":"http:\/\/mappingmedinadelcampo.com\/?p=12573"},"modified":"2019-07-26T13:43:20","modified_gmt":"2019-07-26T13:43:20","slug":"colaborador-y-partner-carlos-mateo","status":"publish","type":"post","link":"http:\/\/mappingmedinadelcampo.com\/index.php\/2018\/07\/23\/colaborador-y-partner-carlos-mateo\/","title":{"rendered":"Colaborador y partner CARLOS MATEO."},"content":{"rendered":"<p>Damos la Bienvenida a nuestro colaborador y partner CARLOS MATEO.<\/p>\n<p>Carlos Mateo nos apoyar\u00e1 y dar\u00e1 soporte al festival MAPPING ME! . Gracias Carlos!.<\/p>\n<div id=\"comp-jbj5ytqa\" class=\"txtNew\" data-packed=\"true\">\n<p class=\"font_8\">Carlos Mateo (Valladolid, 1985) es fot\u00f3grafo profesional desde hace mas de\u00a0una\u00a0d\u00e9cada.<\/p>\n<p class=\"font_8\">Ha dedicado la mayor parte\u00a0de su carrera a la fotograf\u00eda social. La fascinaci\u00f3n por la fotograf\u00eda le atrap\u00f3 temprano a trav\u00e9s de las influencias familiares y de su ingreso en la Asociaci\u00f3n Fotogr\u00e1fica de Aficionados Medinenses (AFAM); se increment\u00f3 en la etapa de formaci\u00f3n acad\u00e9mica a trav\u00e9s de la inmersi\u00f3n en el mundo de la imagen y se consolid\u00f3 con una amplia pr\u00e1ctica profesional de la fotograf\u00eda de estudio, el reportaje social, sobre todo como fot\u00f3grafo de boda, el trabajo en publicaciones editoriales, el fotoperiodismo y la docencia en el \u00e1rea fotogr\u00e1fica.\u00a0La internacionalizaci\u00f3n laboral vino en 2012, cuando empez\u00f3 a realizar trabajos de fotograf\u00eda en Portugal.<\/p>\n<p class=\"font_8\">Desde entonces ha tenido ocasi\u00f3n de participar en proyectos educativos,\u00a0publicitarios, fotoperiod\u00edsticos en reconocidas instituciones portuguesas y seguir ampliando horizontes en el campo social.\u00a0Durante a\u00f1os ha ido ganando m\u00faltiples premios de organizaciones de prestigio como Epson, ONCE, revista Geo, y Agfa (Espa\u00f1a), Tateoil (Reino Unido) o Phoozl (Estados Unidos).<\/p>\n<p class=\"font_8\">En 2012 se sumo al proyecto documental \u00abMisi\u00f3n: S\u00e1hara\u00bb, una aventura convertida en proyecto sobre el problema del S\u00e1hara Occidental desde el punto de vista del pa\u00eds colonizador.\u00a0Una d\u00e9cada de compromiso profesional con la fotograf\u00eda adem\u00e1s le ha permitido a Carlos Mateo Garc\u00eda participar en multitud de proyectos colectivos y la organizaci\u00f3n de cinco proyectos expositivos itinerantes en m\u00e1s de 50 salas de exposiciones de toda Espa\u00f1a. El \u00faltimo de ellos \u00abAncha es Castilla\u00bb ha sido convertido en libro y su panor\u00e1micas\u00a0sirvieron de inspiraci\u00f3n para la realizaci\u00f3n de versos de 14 prestigiosos poetas, con los que se han realizado multitud de actos y veladas<\/p>\n<p><a href=\"http:\/\/www.carlosmateogarcia.com\">http:\/\/www.carlosmateogarcia.com<\/a><\/p>\n<\/div>\n","protected":false},"excerpt":{"rendered":"<p>Damos la Bienvenida a nuestro colaborador y partner CARLOS MATEO. Carlos Mateo nos apoyar\u00e1 y dar\u00e1 soporte al festival MAPPING ME! . Gracias Carlos!. Carlos Mateo (Valladolid, 1985) es fot\u00f3grafo profesional desde hace mas de\u00a0una\u00a0d\u00e9cada. Ha dedicado la mayor parte\u00a0de su carrera a la fotograf\u00eda social. La fascinaci\u00f3n por la fotograf\u00eda le atrap\u00f3 temprano a trav\u00e9s de las influencias familiares [&hellip;]<\/p>\n","protected":false},"author":6,"featured_media":12576,"comment_status":"open","ping_status":"open","sticky":false,"template":"","format":"standard","meta":[],"categories":[1],"tags":[],"_links":{"self":[{"href":"http:\/\/mappingmedinadelcampo.com\/index.php\/wp-json\/wp\/v2\/posts\/12573"}],"collection":[{"href":"http:\/\/mappingmedinadelcampo.com\/index.php\/wp-json\/wp\/v2\/posts"}],"about":[{"href":"http:\/\/mappingmedinadelcampo.com\/index.php\/wp-json\/wp\/v2\/types\/post"}],"author":[{"embeddable":true,"href":"http:\/\/mappingmedinadelcampo.com\/index.php\/wp-json\/wp\/v2\/users\/6"}],"replies":[{"embeddable":true,"href":"http:\/\/mappingmedinadelcampo.com\/index.php\/wp-json\/wp\/v2\/comments?post=12573"}],"version-history":[{"count":1,"href":"http:\/\/mappingmedinadelcampo.com\/index.php\/wp-json\/wp\/v2\/posts\/12573\/revisions"}],"predecessor-version":[{"id":12575,"href":"http:\/\/mappingmedinadelcampo.com\/index.php\/wp-json\/wp\/v2\/posts\/12573\/revisions\/12575"}],"wp:featuredmedia":[{"embeddable":true,"href":"http:\/\/mappingmedinadelcampo.com\/index.php\/wp-json\/wp\/v2\/media\/12576"}],"wp:attachment":[{"href":"http:\/\/mappingmedinadelcampo.com\/index.php\/wp-json\/wp\/v2\/media?parent=12573"}],"wp:term":[{"taxonomy":"category","embeddable":true,"href":"http:\/\/mappingmedinadelcampo.com\/index.php\/wp-json\/wp\/v2\/categories?post=12573"},{"taxonomy":"post_tag","embeddable":true,"href":"http:\/\/mappingmedinadelcampo.com\/index.php\/wp-json\/wp\/v2\/tags?post=12573"}],"curies":[{"name":"wp","href":"https:\/\/api.w.org\/{rel}","templated":true}]}}