{"id":12183,"date":"2016-06-24T13:13:50","date_gmt":"2016-06-24T13:13:50","guid":{"rendered":"http:\/\/mappingmedinadelcampo.com\/?p=12183"},"modified":"2016-07-14T11:21:51","modified_gmt":"2016-07-14T11:21:51","slug":"colaboracion-especialpiel-de-mariposa","status":"publish","type":"post","link":"https:\/\/mappingmedinadelcampo.com\/index.php\/2016\/06\/24\/colaboracion-especialpiel-de-mariposa\/","title":{"rendered":"Colaboraci\u00f3n especial:Piel de Mariposa"},"content":{"rendered":"<p>El festival Mapping Me!, quiere apoyar a la Asociaci\u00f3n Piel de Mariposa (DEBRA), haci\u00e9ndo todo lo posible para difundir su trabajo.<\/p>\n<p><strong>La Asociaci\u00f3n Piel de Mariposa (DEBRA)<\/strong> es una entidad sin \u00e1nimo de lucro formada por personas afectadas por Epiderm\u00f3lisis bullosa (Piel de Mariposa),\u00a0 profesionales socio-sanitarios y colaboradores.<\/p>\n<blockquote>\n<p style=\"text-align: justify;\">\u00abPiel de mariposa\u00bb, es como se conoce com\u00fanmente a esta dolencia, porque cualquier roce provoca que la piel \u00abse despegue\u00bb.<\/p>\n<p style=\"text-align: justify;\">La enfermedad puede causar ampollas en zonas como los ojos y el es\u00f3fago, haciendo que este se cierre y los pacientes no puedan ingerir alimentos.<\/p>\n<p style=\"text-align: justify;\">Por eso, los ni\u00f1os suelen llevar vendajes en gran parte del cuerpo, para proteger las heridas de cualquier rozadura o contacto con el exterior.<\/p>\n<p style=\"text-align: justify;\">\u00abMuchas veces, el solo hecho de andar provoca heridas\u00bb, le dice a BBC Mundo una portavoz de la Asociaci\u00f3n Piel de Mariposa (Debra), en Espa\u00f1a.<\/p>\n<p style=\"text-align: justify;\">Pero no es una enfermedad solo de la piel. \u00abA algunos ni\u00f1os se les va cerrando la boca, pueden perder los dientes, se le deforman los dedos&#8230;\u00bb, le explica a BBC Mundo Ra\u00fal de Lucas, jefe de Dermatolog\u00eda Pedi\u00e1trica del Hospital de La Paz, en Madrid.<\/p>\n<p style=\"text-align: justify;\">\u00abEs una enfermedad terrible\u00bb, afirma el m\u00e9dico, que tiene experiencia en el tratamiento de estos casos.<\/p>\n<p style=\"text-align: justify;\">\n<\/blockquote>\n<p>\u00bfCu\u00e1l es la misi\u00f3n de la Asociaci\u00f3n Piel de Mariposa (DEBRA)? pues es la de <strong>mejorar la calidad de vida de las personas con Piel de Mariposa y sus familiares.<\/strong><\/p>\n<p>Desde Mapping Me! queremos darles alas es por ello que DEBRA estar\u00e1 presente en la comunicaci\u00f3n permanente del festival Mapping Me!<\/p>\n<p>Os invitamos a conocerles en\u00a0 <a href=\"http:\/\/www.pieldemariposa.es\">www.pieldemariposa.es<\/a><\/p>\n","protected":false},"excerpt":{"rendered":"<p>El festival Mapping Me!, quiere apoyar a la Asociaci\u00f3n Piel de Mariposa (DEBRA), haci\u00e9ndo todo lo posible para difundir su trabajo. La Asociaci\u00f3n Piel de Mariposa (DEBRA) es una entidad sin \u00e1nimo de lucro formada por personas afectadas por Epiderm\u00f3lisis bullosa (Piel de Mariposa),\u00a0 profesionales socio-sanitarios y colaboradores. \u00abPiel de mariposa\u00bb, es como se conoce com\u00fanmente a esta dolencia, porque [&hellip;]<\/p>\n","protected":false},"author":6,"featured_media":0,"comment_status":"open","ping_status":"open","sticky":false,"template":"","format":"standard","meta":[],"categories":[176],"tags":[],"_links":{"self":[{"href":"https:\/\/mappingmedinadelcampo.com\/index.php\/wp-json\/wp\/v2\/posts\/12183"}],"collection":[{"href":"https:\/\/mappingmedinadelcampo.com\/index.php\/wp-json\/wp\/v2\/posts"}],"about":[{"href":"https:\/\/mappingmedinadelcampo.com\/index.php\/wp-json\/wp\/v2\/types\/post"}],"author":[{"embeddable":true,"href":"https:\/\/mappingmedinadelcampo.com\/index.php\/wp-json\/wp\/v2\/users\/6"}],"replies":[{"embeddable":true,"href":"https:\/\/mappingmedinadelcampo.com\/index.php\/wp-json\/wp\/v2\/comments?post=12183"}],"version-history":[{"count":5,"href":"https:\/\/mappingmedinadelcampo.com\/index.php\/wp-json\/wp\/v2\/posts\/12183\/revisions"}],"predecessor-version":[{"id":12246,"href":"https:\/\/mappingmedinadelcampo.com\/index.php\/wp-json\/wp\/v2\/posts\/12183\/revisions\/12246"}],"wp:attachment":[{"href":"https:\/\/mappingmedinadelcampo.com\/index.php\/wp-json\/wp\/v2\/media?parent=12183"}],"wp:term":[{"taxonomy":"category","embeddable":true,"href":"https:\/\/mappingmedinadelcampo.com\/index.php\/wp-json\/wp\/v2\/categories?post=12183"},{"taxonomy":"post_tag","embeddable":true,"href":"https:\/\/mappingmedinadelcampo.com\/index.php\/wp-json\/wp\/v2\/tags?post=12183"}],"curies":[{"name":"wp","href":"https:\/\/api.w.org\/{rel}","templated":true}]}}