{"id":12287,"date":"2016-08-09T07:11:51","date_gmt":"2016-08-09T07:11:51","guid":{"rendered":"http:\/\/mappingmedinadelcampo.com\/?p=12287"},"modified":"2016-08-09T07:33:26","modified_gmt":"2016-08-09T07:33:26","slug":"colaborador-especial-angel-rossell","status":"publish","type":"post","link":"https:\/\/mappingmedinadelcampo.com\/index.php\/2016\/08\/09\/colaborador-especial-angel-rossell\/","title":{"rendered":"Colaborador: \u00c1ngel Rossell"},"content":{"rendered":"<p><a href=\"http:\/\/mappingmedinadelcampo.com\/wp-content\/uploads\/2016\/08\/angel2.png\"><img decoding=\"async\" loading=\"lazy\" class=\"size-full wp-image-12288 aligncenter\" src=\"http:\/\/mappingmedinadelcampo.com\/wp-content\/uploads\/2016\/08\/angel2.png\" alt=\"angel2\" width=\"182\" height=\"181\" srcset=\"https:\/\/mappingmedinadelcampo.com\/wp-content\/uploads\/2016\/08\/angel2.png 182w, https:\/\/mappingmedinadelcampo.com\/wp-content\/uploads\/2016\/08\/angel2-150x150.png 150w, https:\/\/mappingmedinadelcampo.com\/wp-content\/uploads\/2016\/08\/angel2-180x180.png 180w\" sizes=\"(max-width: 182px) 100vw, 182px\" \/><\/a><\/p>\n<p>\u00c1ngel Rossell una sorpresa del festival, gran sonidista , t\u00e9cnico y coordinador de equipo trabaja con nosotros creando la ambientaci\u00f3n sonora del\u00a0 Videomapping \u00abLa Luz de Cervantes\u00bb. Una ayuda y un talento muy apreciado por todo el equipo!.<\/p>\n<p>&nbsp;<\/p>\n<div id=\"gt-res-p\">\n<div id=\"gt-res-data\">\n<div id=\"gt-res-wrap\">\n<div id=\"gt-res-content\">\n<div dir=\"ltr\"><span id=\"result_box\" class=\"\" lang=\"es\">\u00abAngel Rossell \u00abRam\u00f3n\u00bbtrabaja como t\u00e9ncio de sonido , de iluminaci\u00f3n teniendo la voluntad de impulsar su carrera profesional mediante su forma de trabajar, teniendo la oportunidad de participar cada vez en actuaciones m\u00e1s sorprendentes y as\u00ed mejorar sus habilidades\u00bb.<\/span><\/div>\n<div dir=\"ltr\">Sounds \/Audiovisuals \/ Tech \/ Crew Management \/Lights<\/div>\n<div dir=\"ltr\"><\/div>\n<\/div>\n<div dir=\"ltr\"><a href=\"http:\/\/www.angelrossell.com\">www.angelrossell.com<\/a><\/div>\n<div dir=\"ltr\"><\/div>\n<div id=\"gt-res-content\"><\/div>\n<\/div>\n<\/div>\n<\/div>\n","protected":false},"excerpt":{"rendered":"<p>\u00c1ngel Rossell una sorpresa del festival, gran sonidista , t\u00e9cnico y coordinador de equipo trabaja con nosotros creando la ambientaci\u00f3n sonora del\u00a0 Videomapping \u00abLa Luz de Cervantes\u00bb. Una ayuda y un talento muy apreciado por todo el equipo!. &nbsp; \u00abAngel Rossell \u00abRam\u00f3n\u00bbtrabaja como t\u00e9ncio de sonido , de iluminaci\u00f3n teniendo la voluntad de impulsar su carrera profesional mediante su forma [&hellip;]<\/p>\n","protected":false},"author":6,"featured_media":12288,"comment_status":"open","ping_status":"open","sticky":false,"template":"","format":"standard","meta":[],"categories":[1],"tags":[],"_links":{"self":[{"href":"https:\/\/mappingmedinadelcampo.com\/index.php\/wp-json\/wp\/v2\/posts\/12287"}],"collection":[{"href":"https:\/\/mappingmedinadelcampo.com\/index.php\/wp-json\/wp\/v2\/posts"}],"about":[{"href":"https:\/\/mappingmedinadelcampo.com\/index.php\/wp-json\/wp\/v2\/types\/post"}],"author":[{"embeddable":true,"href":"https:\/\/mappingmedinadelcampo.com\/index.php\/wp-json\/wp\/v2\/users\/6"}],"replies":[{"embeddable":true,"href":"https:\/\/mappingmedinadelcampo.com\/index.php\/wp-json\/wp\/v2\/comments?post=12287"}],"version-history":[{"count":3,"href":"https:\/\/mappingmedinadelcampo.com\/index.php\/wp-json\/wp\/v2\/posts\/12287\/revisions"}],"predecessor-version":[{"id":12291,"href":"https:\/\/mappingmedinadelcampo.com\/index.php\/wp-json\/wp\/v2\/posts\/12287\/revisions\/12291"}],"wp:featuredmedia":[{"embeddable":true,"href":"https:\/\/mappingmedinadelcampo.com\/index.php\/wp-json\/wp\/v2\/media\/12288"}],"wp:attachment":[{"href":"https:\/\/mappingmedinadelcampo.com\/index.php\/wp-json\/wp\/v2\/media?parent=12287"}],"wp:term":[{"taxonomy":"category","embeddable":true,"href":"https:\/\/mappingmedinadelcampo.com\/index.php\/wp-json\/wp\/v2\/categories?post=12287"},{"taxonomy":"post_tag","embeddable":true,"href":"https:\/\/mappingmedinadelcampo.com\/index.php\/wp-json\/wp\/v2\/tags?post=12287"}],"curies":[{"name":"wp","href":"https:\/\/api.w.org\/{rel}","templated":true}]}}