{"id":12426,"date":"2017-08-10T12:37:36","date_gmt":"2017-08-10T12:37:36","guid":{"rendered":"http:\/\/mappingmedinadelcampo.com\/?p=12426"},"modified":"2017-11-21T12:38:48","modified_gmt":"2017-11-21T12:38:48","slug":"galardon-a-la-trayectoria-artistica","status":"publish","type":"post","link":"https:\/\/mappingmedinadelcampo.com\/index.php\/2017\/08\/10\/galardon-a-la-trayectoria-artistica\/","title":{"rendered":"Galard\u00f3n a la trayectoria art\u00edstica"},"content":{"rendered":"<p>FELIX FADREJAS,<br \/>\nGalard\u00f3n a la trayectoria art\u00edstica visual del Festival de Videomapping y Videoarte de Castilla y Le\u00f3n. MAPPING ME!\u201d<\/p>\n<p>Bueno, y por fin el secreto mejor guardado de nuestro festival, el galard\u00f3n a la trayectoria art\u00edstica visual de Mapping Me!<br \/>\ntenemos el placer de felicitar a F\u00e9lix Fradejas, que recibir\u00e1 el galard\u00f3n en la gala del d\u00eda 12 de agosto a las 20.00 en el auditoria de medina del campo.<span class=\"text_exposed_show\"><br \/>\ny os preguntar\u00e9is, \u00bfqui\u00e9n es ese?? pues para aquellos que no le conozc\u00e1is os diremos que es un morenazo\u2026con alguna cana ya, de 1.90 cm, ah\u00ed es nada, y todo lo que tiene de altura lo tiene de arte\u2026apodado como el Da Vinci del s. XXI por su experimentaci\u00f3n en todas las facetas y disciplinas art\u00edsticas ha sido actor, director, fot\u00f3grafo, artista pl\u00e1stico, video-artista, iluminador, escritor&#8230; un verdadero hombre del renacimiento.<br \/>\nun artista que lucha y sigue luchando a contracorriente en un mundo especialmente duro para determinadas corrientes art\u00edsticas.<br \/>\nA lo largo de su prolifera carrera ha colaborado con compa\u00f1\u00edas como rayuela, teatro del ruido, producciones fauno, y durante estos a\u00f1os ha creado diversas v\u00eddeo creaciones para los espect\u00e1culos de ghetto 13-26.<\/span><\/p>\n<div class=\"text_exposed_show\">\n<p>Como os decimos un verdadero creador que juega con la polivalencia art\u00edstica y que por todo ello recibe nuestro galard\u00f3n.<\/p>\n<p>os esperamos a todos!<\/p>\n<\/div>\n","protected":false},"excerpt":{"rendered":"<p>FELIX FADREJAS, Galard\u00f3n a la trayectoria art\u00edstica visual del Festival de Videomapping y Videoarte de Castilla y Le\u00f3n. MAPPING ME!\u201d Bueno, y por fin el secreto mejor guardado de nuestro festival, el galard\u00f3n a la trayectoria art\u00edstica visual de Mapping Me! tenemos el placer de felicitar a F\u00e9lix Fradejas, que recibir\u00e1 el galard\u00f3n en la gala del d\u00eda 12 de [&hellip;]<\/p>\n","protected":false},"author":6,"featured_media":12427,"comment_status":"open","ping_status":"open","sticky":false,"template":"","format":"standard","meta":[],"categories":[173],"tags":[],"_links":{"self":[{"href":"https:\/\/mappingmedinadelcampo.com\/index.php\/wp-json\/wp\/v2\/posts\/12426"}],"collection":[{"href":"https:\/\/mappingmedinadelcampo.com\/index.php\/wp-json\/wp\/v2\/posts"}],"about":[{"href":"https:\/\/mappingmedinadelcampo.com\/index.php\/wp-json\/wp\/v2\/types\/post"}],"author":[{"embeddable":true,"href":"https:\/\/mappingmedinadelcampo.com\/index.php\/wp-json\/wp\/v2\/users\/6"}],"replies":[{"embeddable":true,"href":"https:\/\/mappingmedinadelcampo.com\/index.php\/wp-json\/wp\/v2\/comments?post=12426"}],"version-history":[{"count":1,"href":"https:\/\/mappingmedinadelcampo.com\/index.php\/wp-json\/wp\/v2\/posts\/12426\/revisions"}],"predecessor-version":[{"id":12428,"href":"https:\/\/mappingmedinadelcampo.com\/index.php\/wp-json\/wp\/v2\/posts\/12426\/revisions\/12428"}],"wp:featuredmedia":[{"embeddable":true,"href":"https:\/\/mappingmedinadelcampo.com\/index.php\/wp-json\/wp\/v2\/media\/12427"}],"wp:attachment":[{"href":"https:\/\/mappingmedinadelcampo.com\/index.php\/wp-json\/wp\/v2\/media?parent=12426"}],"wp:term":[{"taxonomy":"category","embeddable":true,"href":"https:\/\/mappingmedinadelcampo.com\/index.php\/wp-json\/wp\/v2\/categories?post=12426"},{"taxonomy":"post_tag","embeddable":true,"href":"https:\/\/mappingmedinadelcampo.com\/index.php\/wp-json\/wp\/v2\/tags?post=12426"}],"curies":[{"name":"wp","href":"https:\/\/api.w.org\/{rel}","templated":true}]}}