{"id":12466,"date":"2017-08-18T13:49:55","date_gmt":"2017-08-18T13:49:55","guid":{"rendered":"http:\/\/mappingmedinadelcampo.com\/?p=12466"},"modified":"2017-11-21T13:51:32","modified_gmt":"2017-11-21T13:51:32","slug":"repetimos","status":"publish","type":"post","link":"https:\/\/mappingmedinadelcampo.com\/index.php\/2017\/08\/18\/repetimos\/","title":{"rendered":"Repetimos!"},"content":{"rendered":"<div id=\"js_1d9\" class=\"_5pbx userContent _3576\" data-ft=\"{&quot;tn&quot;:&quot;K&quot;}\">\n<p>Debido al \u00e9xito obtenido el pasado 14 de agosto con la proyecci\u00f3n del Mapping EL VIAJE DEL EMPERADOR del programa mentor de Rodrigo Tamariz, el espect\u00e1culo se repetir\u00e1 el pr\u00f3ximo s\u00e1bado 19 de agosto en torno a las 23.30 h. en la fachada de la Colegiata de San Antol\u00edn, una vez finalizada la multitudinaria recreaci\u00f3n hist\u00f3rica de La Quema de Medina y ampliando as\u00ed la duraci\u00f3n del Festival de Videoarte y Mapping de Castilla y Le\u00f3n hasta el s\u00e1bado.<\/p>\n<p>Este jueves y viernes la fachada del Ayuntamiento ser\u00e1 el escenario desde las 23 h. de diversos espect\u00e1culos de videoarte y mapping en el marco del festival y la Feria Imperiales y Comuneros.<\/p>\n<\/div>\n<p>&nbsp;<\/p>\n","protected":false},"excerpt":{"rendered":"<p>Debido al \u00e9xito obtenido el pasado 14 de agosto con la proyecci\u00f3n del Mapping EL VIAJE DEL EMPERADOR del programa mentor de Rodrigo Tamariz, el espect\u00e1culo se repetir\u00e1 el pr\u00f3ximo s\u00e1bado 19 de agosto en torno a las 23.30 h. en la fachada de la Colegiata de San Antol\u00edn, una vez finalizada la multitudinaria recreaci\u00f3n hist\u00f3rica de La Quema de [&hellip;]<\/p>\n","protected":false},"author":6,"featured_media":12443,"comment_status":"open","ping_status":"open","sticky":false,"template":"","format":"standard","meta":[],"categories":[173],"tags":[],"_links":{"self":[{"href":"https:\/\/mappingmedinadelcampo.com\/index.php\/wp-json\/wp\/v2\/posts\/12466"}],"collection":[{"href":"https:\/\/mappingmedinadelcampo.com\/index.php\/wp-json\/wp\/v2\/posts"}],"about":[{"href":"https:\/\/mappingmedinadelcampo.com\/index.php\/wp-json\/wp\/v2\/types\/post"}],"author":[{"embeddable":true,"href":"https:\/\/mappingmedinadelcampo.com\/index.php\/wp-json\/wp\/v2\/users\/6"}],"replies":[{"embeddable":true,"href":"https:\/\/mappingmedinadelcampo.com\/index.php\/wp-json\/wp\/v2\/comments?post=12466"}],"version-history":[{"count":1,"href":"https:\/\/mappingmedinadelcampo.com\/index.php\/wp-json\/wp\/v2\/posts\/12466\/revisions"}],"predecessor-version":[{"id":12467,"href":"https:\/\/mappingmedinadelcampo.com\/index.php\/wp-json\/wp\/v2\/posts\/12466\/revisions\/12467"}],"wp:featuredmedia":[{"embeddable":true,"href":"https:\/\/mappingmedinadelcampo.com\/index.php\/wp-json\/wp\/v2\/media\/12443"}],"wp:attachment":[{"href":"https:\/\/mappingmedinadelcampo.com\/index.php\/wp-json\/wp\/v2\/media?parent=12466"}],"wp:term":[{"taxonomy":"category","embeddable":true,"href":"https:\/\/mappingmedinadelcampo.com\/index.php\/wp-json\/wp\/v2\/categories?post=12466"},{"taxonomy":"post_tag","embeddable":true,"href":"https:\/\/mappingmedinadelcampo.com\/index.php\/wp-json\/wp\/v2\/tags?post=12466"}],"curies":[{"name":"wp","href":"https:\/\/api.w.org\/{rel}","templated":true}]}}