{"id":12495,"date":"2017-09-20T14:06:10","date_gmt":"2017-09-20T14:06:10","guid":{"rendered":"http:\/\/mappingmedinadelcampo.com\/?p=12495"},"modified":"2017-11-21T14:07:34","modified_gmt":"2017-11-21T14:07:34","slug":"nos-vamos-a-centroamerica","status":"publish","type":"post","link":"https:\/\/mappingmedinadelcampo.com\/index.php\/2017\/09\/20\/nos-vamos-a-centroamerica\/","title":{"rendered":"Nos vamos a Centroam\u00e9rica!"},"content":{"rendered":"<p>Nuestro director art\u00edstico <a class=\"profileLink\" href=\"https:\/\/www.facebook.com\/RodrigoTamarizMusicMapping\/?fref=mentions\" data-hovercard=\"\/ajax\/hovercard\/page.php?id=273171399379342&amp;extragetparams=%7B%22fref%22%3A%22mentions%22%7D\" data-hovercard-prefer-more-content-show=\"1\">Rodrigo Tamariz Music &amp; Mapping<\/a> nos lleva a Centroam\u00e9rica!.<\/p>\n<p>El nombre de Medina del Campo se internacionaliza!<\/p>\n<p>Llevando a Castilla y Le\u00f3n , Medina del Campo y el <a class=\"_58cn\" href=\"https:\/\/www.facebook.com\/hashtag\/mappingme?source=feed_text&amp;story_id=870180119824250\" data-ft=\"{&quot;tn&quot;:&quot;*N&quot;,&quot;type&quot;:104}\"><span class=\"_5afx\"><span class=\"_58cl _5afz\">#<\/span><span class=\"_58cm\">MappingMe<\/span><\/span><\/a> como uno de los referentes art\u00edsticos y visuales del territorio nacional.<\/p>\n","protected":false},"excerpt":{"rendered":"<p>Nuestro director art\u00edstico Rodrigo Tamariz Music &amp; Mapping nos lleva a Centroam\u00e9rica!. El nombre de Medina del Campo se internacionaliza! Llevando a Castilla y Le\u00f3n , Medina del Campo y el #MappingMe como uno de los referentes art\u00edsticos y visuales del territorio nacional.<\/p>\n","protected":false},"author":6,"featured_media":12496,"comment_status":"open","ping_status":"open","sticky":false,"template":"","format":"standard","meta":[],"categories":[173],"tags":[],"_links":{"self":[{"href":"https:\/\/mappingmedinadelcampo.com\/index.php\/wp-json\/wp\/v2\/posts\/12495"}],"collection":[{"href":"https:\/\/mappingmedinadelcampo.com\/index.php\/wp-json\/wp\/v2\/posts"}],"about":[{"href":"https:\/\/mappingmedinadelcampo.com\/index.php\/wp-json\/wp\/v2\/types\/post"}],"author":[{"embeddable":true,"href":"https:\/\/mappingmedinadelcampo.com\/index.php\/wp-json\/wp\/v2\/users\/6"}],"replies":[{"embeddable":true,"href":"https:\/\/mappingmedinadelcampo.com\/index.php\/wp-json\/wp\/v2\/comments?post=12495"}],"version-history":[{"count":1,"href":"https:\/\/mappingmedinadelcampo.com\/index.php\/wp-json\/wp\/v2\/posts\/12495\/revisions"}],"predecessor-version":[{"id":12497,"href":"https:\/\/mappingmedinadelcampo.com\/index.php\/wp-json\/wp\/v2\/posts\/12495\/revisions\/12497"}],"wp:featuredmedia":[{"embeddable":true,"href":"https:\/\/mappingmedinadelcampo.com\/index.php\/wp-json\/wp\/v2\/media\/12496"}],"wp:attachment":[{"href":"https:\/\/mappingmedinadelcampo.com\/index.php\/wp-json\/wp\/v2\/media?parent=12495"}],"wp:term":[{"taxonomy":"category","embeddable":true,"href":"https:\/\/mappingmedinadelcampo.com\/index.php\/wp-json\/wp\/v2\/categories?post=12495"},{"taxonomy":"post_tag","embeddable":true,"href":"https:\/\/mappingmedinadelcampo.com\/index.php\/wp-json\/wp\/v2\/tags?post=12495"}],"curies":[{"name":"wp","href":"https:\/\/api.w.org\/{rel}","templated":true}]}}