{"id":12508,"date":"2017-11-28T09:03:31","date_gmt":"2017-11-28T09:03:31","guid":{"rendered":"http:\/\/mappingmedinadelcampo.com\/?p=12508"},"modified":"2018-05-08T09:08:42","modified_gmt":"2018-05-08T09:08:42","slug":"12508","status":"publish","type":"post","link":"https:\/\/mappingmedinadelcampo.com\/index.php\/2017\/11\/28\/12508\/","title":{"rendered":"La Evoluci\u00f3n del Mapping"},"content":{"rendered":"<p>\u00abLA EVOLUCI\u00d3N DEL MAPPING LLEGA A BOGOT\u00c1\u00bb<\/p>\n<p>Entrevista que nos han realizado en los medios Colombianos con mucha difusi\u00f3n, sobre las nuevas tecnolog\u00edas audiovisuales ( <span class=\"_5afx\"><span class=\"_58cl _5afz\">#<\/span><span class=\"_58cm\">mapping<\/span><\/span>, <span class=\"_5afx\"><span class=\"_58cl _5afz\">#<\/span><span class=\"_58cm\">realidadaumentada<\/span><\/span>, <span class=\"_5afx\"><span class=\"_58cl _5afz\">#<\/span><span class=\"_58cm\">realidadvirtual<\/span><\/span>, etc&#8230;) aplicadas a las artes. Gracias!<\/p>\n<p>Hablamos sobre el <span class=\"_5afx\"><span class=\"_58cl _5afz\">#<\/span><span class=\"_58cm\">videomapping<\/span><\/span>, <span class=\"_5afx\"><span class=\"_58cl _5afz\">#<\/span><span class=\"_58cm\">teatromapping<\/span><\/span> de Imaginart, La M\u00fasica de los Sentidos , Mapping Me en Medina del Campo y sobre nuestra regi\u00f3n <span class=\"_5afx\"><span class=\"_58cm\">Castillayle\u00f3n<\/span><\/span> como exportadora de grandes eventos. <span class=\"text_exposed_show\"><br \/>\n<span class=\"_5afx\"><span class=\"_58cl _5afz\">#<\/span><span class=\"_58cm\">innovandoespectaculos<\/span><\/span>.<\/span><\/p>\n<div class=\"text_exposed_show\">\n<p>Nos vemos pronto Bogot\u00e1!<\/p>\n<p>Fuentes:<br \/>\nhttp:\/\/infotic.co\/blog\/la-evolucion-del-mapping-llega-bogota\/<\/p>\n<p>http:\/\/lanacion.com.ec\/la-evolucion-del-mapping-llega-bogota\/<\/p>\n<p>http:\/\/nbnoticias.com\/2017\/11\/15\/la-evolucion-del-mapping-llega-bogota\/<\/p>\n<\/div>\n<p>http:\/\/www.eltiempo.com\/tecnosfera\/novedades-tecnologia\/video-mapping-en-bogota-colombia-151344<\/p>\n<blockquote class=\"wp-embedded-content\" data-secret=\"4M1rZtQjOt\"><p><a href=\"http:\/\/radiohuancavilca.com.ec\/tecnologia\/2017\/11\/15\/la-evolucion-del-mapping-llega-bogota\/\">La evoluci\u00f3n del \u2018mapping&#8217; llega a Bogot\u00e1<\/a><\/p><\/blockquote>\n<p><iframe class=\"wp-embedded-content\" sandbox=\"allow-scripts\" security=\"restricted\" style=\"position: absolute; clip: rect(1px, 1px, 1px, 1px);\" src=\"http:\/\/radiohuancavilca.com.ec\/tecnologia\/2017\/11\/15\/la-evolucion-del-mapping-llega-bogota\/embed\/#?secret=4M1rZtQjOt\" data-secret=\"4M1rZtQjOt\" width=\"500\" height=\"282\" title=\"&#8220;La evoluci\u00f3n del \u2018mapping&#8217; llega a Bogot\u00e1&#8221; &#8212; Radio Huancavilca 830AM\" frameborder=\"0\" marginwidth=\"0\" marginheight=\"0\" scrolling=\"no\"><\/iframe><\/p>\n<div class=\"text_exposed_show\">\n<blockquote class=\"wp-embedded-content\" data-secret=\"4M1rZtQjOt\"><p><a href=\"http:\/\/radiohuancavilca.com.ec\/tecnologia\/2017\/11\/15\/la-evolucion-del-mapping-llega-bogota\/\">La evoluci\u00f3n del \u2018mapping&#8217; llega a Bogot\u00e1<\/a><\/p><\/blockquote>\n<p><iframe class=\"wp-embedded-content\" sandbox=\"allow-scripts\" security=\"restricted\" style=\"position: absolute; clip: rect(1px, 1px, 1px, 1px);\" src=\"http:\/\/radiohuancavilca.com.ec\/tecnologia\/2017\/11\/15\/la-evolucion-del-mapping-llega-bogota\/embed\/#?secret=4M1rZtQjOt\" data-secret=\"4M1rZtQjOt\" width=\"500\" height=\"282\" title=\"&#8220;La evoluci\u00f3n del \u2018mapping&#8217; llega a Bogot\u00e1&#8221; &#8212; Radio Huancavilca 830AM\" frameborder=\"0\" marginwidth=\"0\" marginheight=\"0\" scrolling=\"no\"><\/iframe><\/p>\n<\/div>\n","protected":false},"excerpt":{"rendered":"<p>\u00abLA EVOLUCI\u00d3N DEL MAPPING LLEGA A BOGOT\u00c1\u00bb Entrevista que nos han realizado en los medios Colombianos con mucha difusi\u00f3n, sobre las nuevas tecnolog\u00edas audiovisuales ( #mapping, #realidadaumentada, #realidadvirtual, etc&#8230;) aplicadas a las artes. Gracias! Hablamos sobre el #videomapping, #teatromapping de Imaginart, La M\u00fasica de los Sentidos , Mapping Me en Medina del Campo y sobre nuestra regi\u00f3n Castillayle\u00f3n como exportadora [&hellip;]<\/p>\n","protected":false},"author":6,"featured_media":12509,"comment_status":"open","ping_status":"open","sticky":false,"template":"","format":"standard","meta":[],"categories":[173],"tags":[],"_links":{"self":[{"href":"https:\/\/mappingmedinadelcampo.com\/index.php\/wp-json\/wp\/v2\/posts\/12508"}],"collection":[{"href":"https:\/\/mappingmedinadelcampo.com\/index.php\/wp-json\/wp\/v2\/posts"}],"about":[{"href":"https:\/\/mappingmedinadelcampo.com\/index.php\/wp-json\/wp\/v2\/types\/post"}],"author":[{"embeddable":true,"href":"https:\/\/mappingmedinadelcampo.com\/index.php\/wp-json\/wp\/v2\/users\/6"}],"replies":[{"embeddable":true,"href":"https:\/\/mappingmedinadelcampo.com\/index.php\/wp-json\/wp\/v2\/comments?post=12508"}],"version-history":[{"count":2,"href":"https:\/\/mappingmedinadelcampo.com\/index.php\/wp-json\/wp\/v2\/posts\/12508\/revisions"}],"predecessor-version":[{"id":12511,"href":"https:\/\/mappingmedinadelcampo.com\/index.php\/wp-json\/wp\/v2\/posts\/12508\/revisions\/12511"}],"wp:featuredmedia":[{"embeddable":true,"href":"https:\/\/mappingmedinadelcampo.com\/index.php\/wp-json\/wp\/v2\/media\/12509"}],"wp:attachment":[{"href":"https:\/\/mappingmedinadelcampo.com\/index.php\/wp-json\/wp\/v2\/media?parent=12508"}],"wp:term":[{"taxonomy":"category","embeddable":true,"href":"https:\/\/mappingmedinadelcampo.com\/index.php\/wp-json\/wp\/v2\/categories?post=12508"},{"taxonomy":"post_tag","embeddable":true,"href":"https:\/\/mappingmedinadelcampo.com\/index.php\/wp-json\/wp\/v2\/tags?post=12508"}],"curies":[{"name":"wp","href":"https:\/\/api.w.org\/{rel}","templated":true}]}}